{"id":29189,"date":"2024-09-21T14:08:35","date_gmt":"2024-09-21T12:08:35","guid":{"rendered":"https:\/\/laperruque.co\/2024\/09\/21\/burgundy-lizard-embossed-calf-leather\/"},"modified":"2024-09-26T19:26:22","modified_gmt":"2024-09-26T17:26:22","slug":"burgundy-lizard-embossed-calf-leather","status":"publish","type":"post","link":"https:\/\/laperruque.co\/en\/2024\/09\/21\/burgundy-lizard-embossed-calf-leather\/","title":{"rendered":"burgundy lizard embossed calf leather"},"content":{"rendered":"\n<div class=\"wp-block-columns is-layout-flex wp-container-core-columns-is-layout-9d6595d7 wp-block-columns-is-layout-flex\">\n<div class=\"wp-block-column is-vertically-aligned-center is-layout-flow wp-block-column-is-layout-flow\">\n<p class=\"has-text-align-center\"><strong>burgundy lizard embossed calf leather<\/strong><\/p>\n\n\n\n<p class=\"has-text-align-center\">At Laperruque, we decided early on not to use exotic leathers such as crocodile, lizard or python, animals bred primarily to allow their skin to be transformed into leather.&#13;\nIn contrast, the use of bovine or caprine hides, bred for their meat, makes it possible to valorize what is initially a by-product for breeders.&#13;\nThe transformation of these hides into leather can be considered a very ancient form of recycling.&#13;\nIn keeping with our exemplary approach to local, artisanal production, we decided to focus on materials that have less impact.<\/p>\n\n\n\n<p><\/p>\n\n\n\n<p class=\"has-text-align-right\"><\/p>\n<\/div>\n\n\n\n<div class=\"wp-block-column is-layout-flow wp-block-column-is-layout-flow\">\n<figure class=\"wp-block-image size-large\"><a href=\"https:\/\/laperruque.co\/en\/product\/burgundy-lizard-embossed-calf-leather-half-zip-wallet\/\"><img loading=\"lazy\" decoding=\"async\" width=\"819\" height=\"1024\" src=\"https:\/\/laperruque.co\/wp-content\/uploads\/2024\/06\/3-819x1024.jpg\" alt=\"\" class=\"wp-image-29145\" srcset=\"https:\/\/laperruque.co\/wp-content\/uploads\/2024\/06\/3-819x1024.jpg 819w, https:\/\/laperruque.co\/wp-content\/uploads\/2024\/06\/3-240x300.jpg 240w, https:\/\/laperruque.co\/wp-content\/uploads\/2024\/06\/3-768x960.jpg 768w, https:\/\/laperruque.co\/wp-content\/uploads\/2024\/06\/3-1000x1250.jpg 1000w, https:\/\/laperruque.co\/wp-content\/uploads\/2024\/06\/3.jpg 1200w\" sizes=\"auto, (max-width: 819px) 100vw, 819px\" \/><\/a><\/figure>\n<\/div>\n<\/div>\n\n<div class=\"wp-block-columns is-layout-flex wp-container-core-columns-is-layout-9d6595d7 wp-block-columns-is-layout-flex\">\n<div class=\"wp-block-column is-layout-flow wp-block-column-is-layout-flow\">\n<figure class=\"wp-block-image size-large\"><a href=\"https:\/\/laperruque.co\/en\/product\/burgundy-lizard-embossed-calf-leather-snaps-key-holder\"><img loading=\"lazy\" decoding=\"async\" width=\"819\" height=\"1024\" src=\"https:\/\/laperruque.co\/wp-content\/uploads\/2024\/06\/1-819x1024.jpg\" alt=\"\" class=\"wp-image-29141\" srcset=\"https:\/\/laperruque.co\/wp-content\/uploads\/2024\/06\/1-819x1024.jpg 819w, https:\/\/laperruque.co\/wp-content\/uploads\/2024\/06\/1-240x300.jpg 240w, https:\/\/laperruque.co\/wp-content\/uploads\/2024\/06\/1-768x960.jpg 768w, https:\/\/laperruque.co\/wp-content\/uploads\/2024\/06\/1-1000x1250.jpg 1000w, https:\/\/laperruque.co\/wp-content\/uploads\/2024\/06\/1.jpg 1200w\" sizes=\"auto, (max-width: 819px) 100vw, 819px\" \/><\/a><\/figure>\n<\/div>\n\n\n\n<div class=\"wp-block-column is-vertically-aligned-center is-layout-flow wp-block-column-is-layout-flow\">\n<p><\/p>\n\n\n\n<p class=\"has-text-align-center\">We do, however, appreciate the textures and grains of exotic leathers, which is why we regularly work with goat or calf leathers that have been embossed, printed or varnished to imitate their appearance.&#13;\nWhile certain characteristics are difficult to reproduce faithfully, embossed leathers sometimes have qualities that the originals don&#8217;t: a certain robustness provided by the thickness of the backing, a larger skin size or a more affordable price, for example.<\/p>\n\n\n\n<p class=\"has-text-align-center\">This season, we have created a series of objects in calf leather embossed with lizard grain.&#13;\nThis leather comes from the dormant stock of a major fashion house, enabling us to re-use this beautiful material originally destined for destruction. Its texture brings relief and sophistication to our winter collection. <\/p>\n\n\n\n<p class=\"has-text-align-center\"><\/p>\n<\/div>\n<\/div>\n\n<div class=\"wp-block-columns is-layout-flex wp-container-core-columns-is-layout-9d6595d7 wp-block-columns-is-layout-flex\">\n<div class=\"wp-block-column is-layout-flow wp-block-column-is-layout-flow\">\n<figure class=\"wp-block-image size-large\"><a href=\"https:\/\/laperruque.co\/en\/product\/burgundy-lizard-embossed-calf-leather-neck-pouch\"><img loading=\"lazy\" decoding=\"async\" width=\"819\" height=\"1024\" src=\"https:\/\/laperruque.co\/wp-content\/uploads\/2024\/06\/2-819x1024.jpg\" alt=\"\" class=\"wp-image-29143\" srcset=\"https:\/\/laperruque.co\/wp-content\/uploads\/2024\/06\/2-819x1024.jpg 819w, https:\/\/laperruque.co\/wp-content\/uploads\/2024\/06\/2-240x300.jpg 240w, https:\/\/laperruque.co\/wp-content\/uploads\/2024\/06\/2-768x960.jpg 768w, https:\/\/laperruque.co\/wp-content\/uploads\/2024\/06\/2-1000x1250.jpg 1000w, https:\/\/laperruque.co\/wp-content\/uploads\/2024\/06\/2.jpg 1200w\" sizes=\"auto, (max-width: 819px) 100vw, 819px\" \/><\/a><\/figure>\n<\/div>\n\n\n\n<div class=\"wp-block-column is-vertically-aligned-center is-layout-flow wp-block-column-is-layout-flow\">\n<figure class=\"wp-block-image size-large\"><a href=\"https:\/\/laperruque.co\/en\/product\/burgundy-lizard-embossed-calf-leather-bucket-bag\/\"><img loading=\"lazy\" decoding=\"async\" width=\"1200\" height=\"1500\" src=\"https:\/\/laperruque.co\/wp-content\/uploads\/2024\/06\/4-819x1024.jpg\" alt=\"\" class=\"wp-image-29147\" srcset=\"https:\/\/laperruque.co\/wp-content\/uploads\/2024\/06\/4-819x1024.jpg 819w, https:\/\/laperruque.co\/wp-content\/uploads\/2024\/06\/4-240x300.jpg 240w, https:\/\/laperruque.co\/wp-content\/uploads\/2024\/06\/4-768x960.jpg 768w, https:\/\/laperruque.co\/wp-content\/uploads\/2024\/06\/4-1000x1250.jpg 1000w, https:\/\/laperruque.co\/wp-content\/uploads\/2024\/06\/4.jpg 1200w\" sizes=\"auto, (max-width: 1200px) 100vw, 1200px\" \/><\/a><\/figure>\n<\/div>\n<\/div>\n\n<div style=\"height:100px\" aria-hidden=\"true\" class=\"wp-block-spacer\"><\/div>\n\n<div class=\"wp-block-columns is-layout-flex wp-container-core-columns-is-layout-9d6595d7 wp-block-columns-is-layout-flex\">\n<div class=\"wp-block-column is-layout-flow wp-block-column-is-layout-flow\">\n<p class=\"has-text-align-center\"><strong><strong>burgundy lizard embossed calf leather<\/strong><\/strong><\/p>\n\n\n\n<div style=\"height:36px\" aria-hidden=\"true\" class=\"wp-block-spacer\"><\/div>\n<\/div>\n<\/div>\n\n<div class=\"wp-block-columns is-layout-flex wp-container-core-columns-is-layout-9d6595d7 wp-block-columns-is-layout-flex\">\n<div class=\"wp-block-column is-layout-flow wp-block-column-is-layout-flow\">\n<figure class=\"wp-block-image size-large\"><a href=\"https:\/\/laperruque.co\/en\/product\/burgundy-lizard-embossed-calf-leather-lighter-sleeve\"><img loading=\"lazy\" decoding=\"async\" width=\"960\" height=\"1024\" src=\"https:\/\/laperruque.co\/wp-content\/uploads\/2024\/09\/Etui-a-Briquet-Veau-Embosse-Facon-Lezard-Bordeaux-BD-a-960x1024.jpg\" alt=\"\" class=\"wp-image-29015\" srcset=\"https:\/\/laperruque.co\/wp-content\/uploads\/2024\/09\/Etui-a-Briquet-Veau-Embosse-Facon-Lezard-Bordeaux-BD-a-960x1024.jpg 960w, https:\/\/laperruque.co\/wp-content\/uploads\/2024\/09\/Etui-a-Briquet-Veau-Embosse-Facon-Lezard-Bordeaux-BD-a-281x300.jpg 281w, https:\/\/laperruque.co\/wp-content\/uploads\/2024\/09\/Etui-a-Briquet-Veau-Embosse-Facon-Lezard-Bordeaux-BD-a-768x819.jpg 768w, https:\/\/laperruque.co\/wp-content\/uploads\/2024\/09\/Etui-a-Briquet-Veau-Embosse-Facon-Lezard-Bordeaux-BD-a-1000x1067.jpg 1000w, https:\/\/laperruque.co\/wp-content\/uploads\/2024\/09\/Etui-a-Briquet-Veau-Embosse-Facon-Lezard-Bordeaux-BD-a.jpg 1200w\" sizes=\"auto, (max-width: 960px) 100vw, 960px\" \/><\/a><figcaption class=\"wp-element-caption\"><a href=\"https:\/\/laperruque.co\/produit\/etui-a-briquet-en-veau-embosse-facon-lezard-bordeaux\/\">\u00e9tui \u00e0 briquet en veau emboss\u00e9 fa\u00e7on l\u00e9zard bordeaux<\/a> &#8211; 25\u20ac<\/figcaption><\/figure>\n<\/div>\n\n\n\n<div class=\"wp-block-column is-layout-flow wp-block-column-is-layout-flow\">\n<figure class=\"wp-block-image size-large\"><a href=\"https:\/\/laperruque.co\/en\/product\/burgundy-lizard-embossed-calf-leather-snaps-key-holder\"><img loading=\"lazy\" decoding=\"async\" width=\"960\" height=\"1024\" src=\"https:\/\/laperruque.co\/wp-content\/uploads\/2024\/08\/Porte-Cles-Pressions-Chevre-Embosse-Facon-Lezard-Bordeaux-BD-a-960x1024.jpg\" alt=\"\" class=\"wp-image-28916\" srcset=\"https:\/\/laperruque.co\/wp-content\/uploads\/2024\/08\/Porte-Cles-Pressions-Chevre-Embosse-Facon-Lezard-Bordeaux-BD-a-960x1024.jpg 960w, https:\/\/laperruque.co\/wp-content\/uploads\/2024\/08\/Porte-Cles-Pressions-Chevre-Embosse-Facon-Lezard-Bordeaux-BD-a-281x300.jpg 281w, https:\/\/laperruque.co\/wp-content\/uploads\/2024\/08\/Porte-Cles-Pressions-Chevre-Embosse-Facon-Lezard-Bordeaux-BD-a-768x819.jpg 768w, https:\/\/laperruque.co\/wp-content\/uploads\/2024\/08\/Porte-Cles-Pressions-Chevre-Embosse-Facon-Lezard-Bordeaux-BD-a-1000x1067.jpg 1000w, https:\/\/laperruque.co\/wp-content\/uploads\/2024\/08\/Porte-Cles-Pressions-Chevre-Embosse-Facon-Lezard-Bordeaux-BD-a.jpg 1200w\" sizes=\"auto, (max-width: 960px) 100vw, 960px\" \/><\/a><figcaption class=\"wp-element-caption\"><a href=\"https:\/\/laperruque.co\/en\/product\/burgundy-lizard-embossed-calf-leather-snaps-key-holder\">burgundy lizard embossed calf snaps key-holder<\/a> &#8211; 30\u20ac<\/figcaption><\/figure>\n<\/div>\n\n\n\n<div class=\"wp-block-column is-vertically-aligned-center is-layout-flow wp-block-column-is-layout-flow\">\n<figure class=\"wp-block-image size-large\"><a href=\"https:\/\/laperruque.co\/en\/product\/burgundy-lizard-embossed-calf-leather-bell-key-holder\/\"><img loading=\"lazy\" decoding=\"async\" width=\"960\" height=\"1024\" src=\"https:\/\/laperruque.co\/wp-content\/uploads\/2024\/08\/Porte-Cles-Cloche-Veau-Embosse-Facon-Lezard-Bordeaux-BD-a-960x1024.jpg\" alt=\"\" class=\"wp-image-28632\" srcset=\"https:\/\/laperruque.co\/wp-content\/uploads\/2024\/08\/Porte-Cles-Cloche-Veau-Embosse-Facon-Lezard-Bordeaux-BD-a-960x1024.jpg 960w, https:\/\/laperruque.co\/wp-content\/uploads\/2024\/08\/Porte-Cles-Cloche-Veau-Embosse-Facon-Lezard-Bordeaux-BD-a-281x300.jpg 281w, https:\/\/laperruque.co\/wp-content\/uploads\/2024\/08\/Porte-Cles-Cloche-Veau-Embosse-Facon-Lezard-Bordeaux-BD-a-768x819.jpg 768w, https:\/\/laperruque.co\/wp-content\/uploads\/2024\/08\/Porte-Cles-Cloche-Veau-Embosse-Facon-Lezard-Bordeaux-BD-a-1000x1067.jpg 1000w, https:\/\/laperruque.co\/wp-content\/uploads\/2024\/08\/Porte-Cles-Cloche-Veau-Embosse-Facon-Lezard-Bordeaux-BD-a.jpg 1200w\" sizes=\"auto, (max-width: 960px) 100vw, 960px\" \/><\/a><figcaption class=\"wp-element-caption\"><a href=\"https:\/\/laperruque.co\/en\/product\/burgundy-lizard-embossed-calf-leather-bell-key-holder\/\">burgundy lizard embossed calf bell key-holder<\/a> &#8211; 65\u20ac<\/figcaption><\/figure>\n<\/div>\n<\/div>\n\n<div class=\"wp-block-columns is-layout-flex wp-container-core-columns-is-layout-9d6595d7 wp-block-columns-is-layout-flex\">\n<div class=\"wp-block-column is-layout-flow wp-block-column-is-layout-flow\">\n<figure class=\"wp-block-image size-large\"><a href=\"https:\/\/laperruque.co\/en\/product\/burgundy-lizard-embossed-calf-leather-glasses-sleeve\"><img loading=\"lazy\" decoding=\"async\" width=\"960\" height=\"1024\" src=\"https:\/\/laperruque.co\/wp-content\/uploads\/2024\/08\/Etui-a-Lunettes-veau-embosse-facon-lezard-bordeaux-BD-a-960x1024.jpg\" alt=\"\" class=\"wp-image-28502\" srcset=\"https:\/\/laperruque.co\/wp-content\/uploads\/2024\/08\/Etui-a-Lunettes-veau-embosse-facon-lezard-bordeaux-BD-a-960x1024.jpg 960w, https:\/\/laperruque.co\/wp-content\/uploads\/2024\/08\/Etui-a-Lunettes-veau-embosse-facon-lezard-bordeaux-BD-a-281x300.jpg 281w, https:\/\/laperruque.co\/wp-content\/uploads\/2024\/08\/Etui-a-Lunettes-veau-embosse-facon-lezard-bordeaux-BD-a-768x819.jpg 768w, https:\/\/laperruque.co\/wp-content\/uploads\/2024\/08\/Etui-a-Lunettes-veau-embosse-facon-lezard-bordeaux-BD-a-1000x1067.jpg 1000w, https:\/\/laperruque.co\/wp-content\/uploads\/2024\/08\/Etui-a-Lunettes-veau-embosse-facon-lezard-bordeaux-BD-a.jpg 1200w\" sizes=\"auto, (max-width: 960px) 100vw, 960px\" \/><\/a><figcaption class=\"wp-element-caption\"><a href=\"https:\/\/laperruque.co\/en\/product\/burgundy-lizard-embossed-calf-leather-glasses-sleeve\">burgundy lizard embossed calf glasses sleeve<\/a> &#8211; 70\u20ac<\/figcaption><\/figure>\n<\/div>\n\n\n\n<div class=\"wp-block-column is-layout-flow wp-block-column-is-layout-flow\">\n<figure class=\"wp-block-image size-large\"><a href=\"https:\/\/laperruque.co\/en\/product\/burgundy-lizard-embossed-calf-leather-half-zip-wallet\/\"><img loading=\"lazy\" decoding=\"async\" width=\"960\" height=\"1024\" src=\"https:\/\/laperruque.co\/wp-content\/uploads\/2024\/08\/Porte-Monnaie-Veau-Embosse-Facon-Lezard-Bordeaux-BD-a-960x1024.jpg\" alt=\"\" class=\"wp-image-28707\" srcset=\"https:\/\/laperruque.co\/wp-content\/uploads\/2024\/08\/Porte-Monnaie-Veau-Embosse-Facon-Lezard-Bordeaux-BD-a-960x1024.jpg 960w, https:\/\/laperruque.co\/wp-content\/uploads\/2024\/08\/Porte-Monnaie-Veau-Embosse-Facon-Lezard-Bordeaux-BD-a-281x300.jpg 281w, https:\/\/laperruque.co\/wp-content\/uploads\/2024\/08\/Porte-Monnaie-Veau-Embosse-Facon-Lezard-Bordeaux-BD-a-768x819.jpg 768w, https:\/\/laperruque.co\/wp-content\/uploads\/2024\/08\/Porte-Monnaie-Veau-Embosse-Facon-Lezard-Bordeaux-BD-a-1000x1067.jpg 1000w, https:\/\/laperruque.co\/wp-content\/uploads\/2024\/08\/Porte-Monnaie-Veau-Embosse-Facon-Lezard-Bordeaux-BD-a.jpg 1200w\" sizes=\"auto, (max-width: 960px) 100vw, 960px\" \/><\/a><figcaption class=\"wp-element-caption\"><a href=\"&#13;&#10;burgundy lizard embossed calf half-zip wallet\">porte-monnaie en veau fa\u00e7on\u00a0l\u00e9zard\u00a0bordeaux<\/a> &#8211; 110\u20ac <\/figcaption><\/figure>\n<\/div>\n\n\n\n<div class=\"wp-block-column is-vertically-aligned-center is-layout-flow wp-block-column-is-layout-flow\">\n<figure class=\"wp-block-image size-large\"><a href=\"https:\/\/laperruque.co\/en\/product\/burgundy-lizard-embossed-calf-leather-neck-pouch\"><img loading=\"lazy\" decoding=\"async\" width=\"960\" height=\"1024\" src=\"https:\/\/laperruque.co\/wp-content\/uploads\/2024\/08\/Pochette-Tour-de-Cou-Veau-Embosse-Facon-Lezard-Bordeaux-BD-a-960x1024.jpg\" alt=\"\" class=\"wp-image-28659\" srcset=\"https:\/\/laperruque.co\/wp-content\/uploads\/2024\/08\/Pochette-Tour-de-Cou-Veau-Embosse-Facon-Lezard-Bordeaux-BD-a-960x1024.jpg 960w, https:\/\/laperruque.co\/wp-content\/uploads\/2024\/08\/Pochette-Tour-de-Cou-Veau-Embosse-Facon-Lezard-Bordeaux-BD-a-281x300.jpg 281w, https:\/\/laperruque.co\/wp-content\/uploads\/2024\/08\/Pochette-Tour-de-Cou-Veau-Embosse-Facon-Lezard-Bordeaux-BD-a-768x819.jpg 768w, https:\/\/laperruque.co\/wp-content\/uploads\/2024\/08\/Pochette-Tour-de-Cou-Veau-Embosse-Facon-Lezard-Bordeaux-BD-a-1000x1067.jpg 1000w, https:\/\/laperruque.co\/wp-content\/uploads\/2024\/08\/Pochette-Tour-de-Cou-Veau-Embosse-Facon-Lezard-Bordeaux-BD-a.jpg 1200w\" sizes=\"auto, (max-width: 960px) 100vw, 960px\" \/><\/a><figcaption class=\"wp-element-caption\"><a href=\"https:\/\/laperruque.co\/en\/product\/burgundy-lizard-embossed-calf-leather-neck-pouch\">burgundy lizard embossed calf neck pouch<\/a> &#8211; 155\u20ac<\/figcaption><\/figure>\n<\/div>\n<\/div>\n\n<div class=\"wp-block-columns is-layout-flex wp-container-core-columns-is-layout-9d6595d7 wp-block-columns-is-layout-flex\">\n<div class=\"wp-block-column is-layout-flow wp-block-column-is-layout-flow\">\n<figure class=\"wp-block-image size-large\"><a href=\"https:\/\/laperruque.co\/en\/product\/burgundy-lizard-embossed-calf-leather-flap-bag\/\"><img loading=\"lazy\" decoding=\"async\" width=\"960\" height=\"1024\" src=\"https:\/\/laperruque.co\/wp-content\/uploads\/2024\/08\/Sac-Rabat-Veau-Embosse-Facon-Lezard-Bordeaux-BD-a-960x1024.jpg\" alt=\"\" class=\"wp-image-28623\" srcset=\"https:\/\/laperruque.co\/wp-content\/uploads\/2024\/08\/Sac-Rabat-Veau-Embosse-Facon-Lezard-Bordeaux-BD-a-960x1024.jpg 960w, https:\/\/laperruque.co\/wp-content\/uploads\/2024\/08\/Sac-Rabat-Veau-Embosse-Facon-Lezard-Bordeaux-BD-a-281x300.jpg 281w, https:\/\/laperruque.co\/wp-content\/uploads\/2024\/08\/Sac-Rabat-Veau-Embosse-Facon-Lezard-Bordeaux-BD-a-768x819.jpg 768w, https:\/\/laperruque.co\/wp-content\/uploads\/2024\/08\/Sac-Rabat-Veau-Embosse-Facon-Lezard-Bordeaux-BD-a-1000x1067.jpg 1000w, https:\/\/laperruque.co\/wp-content\/uploads\/2024\/08\/Sac-Rabat-Veau-Embosse-Facon-Lezard-Bordeaux-BD-a.jpg 1200w\" sizes=\"auto, (max-width: 960px) 100vw, 960px\" \/><\/a><figcaption class=\"wp-element-caption\"><a href=\"https:\/\/laperruque.co\/en\/product\/burgundy-lizard-embossed-calf-leather-flap-bag\/\">burgundy lizard embossed calf flap bag<\/a> &#8211; 450\u20ac<\/figcaption><\/figure>\n<\/div>\n\n\n\n<div class=\"wp-block-column is-layout-flow wp-block-column-is-layout-flow\">\n<figure class=\"wp-block-image size-large\"><a href=\"https:\/\/laperruque.co\/en\/product\/burgundy-lizard-embossed-calf-leather-bucket-bag\/\"><img loading=\"lazy\" decoding=\"async\" width=\"960\" height=\"1024\" src=\"https:\/\/laperruque.co\/wp-content\/uploads\/2024\/08\/Sac-Seau-Veau-Embosse-Facon-Lezard-Bordeaux-a-960x1024.jpg\" alt=\"\" class=\"wp-image-28615\" srcset=\"https:\/\/laperruque.co\/wp-content\/uploads\/2024\/08\/Sac-Seau-Veau-Embosse-Facon-Lezard-Bordeaux-a-960x1024.jpg 960w, https:\/\/laperruque.co\/wp-content\/uploads\/2024\/08\/Sac-Seau-Veau-Embosse-Facon-Lezard-Bordeaux-a-281x300.jpg 281w, https:\/\/laperruque.co\/wp-content\/uploads\/2024\/08\/Sac-Seau-Veau-Embosse-Facon-Lezard-Bordeaux-a-768x819.jpg 768w, https:\/\/laperruque.co\/wp-content\/uploads\/2024\/08\/Sac-Seau-Veau-Embosse-Facon-Lezard-Bordeaux-a-1000x1067.jpg 1000w, https:\/\/laperruque.co\/wp-content\/uploads\/2024\/08\/Sac-Seau-Veau-Embosse-Facon-Lezard-Bordeaux-a.jpg 1200w\" sizes=\"auto, (max-width: 960px) 100vw, 960px\" \/><\/a><figcaption class=\"wp-element-caption\"><a href=\"https:\/\/laperruque.co\/en\/product\/burgundy-lizard-embossed-calf-leather-bucket-bag\/\">burgundy lizard embossed calf bucket bag<\/a> &#8211; 450\u20ac<\/figcaption><\/figure>\n<\/div>\n\n\n\n<div class=\"wp-block-column is-vertically-aligned-center is-layout-flow wp-block-column-is-layout-flow\">\n<figure class=\"wp-block-image size-large\"><a href=\"https:\/\/laperruque.co\/en\/product\/burgundy-lizard-embossed-calf-leather-and-silver-buckle-formal-belt\/\"><img loading=\"lazy\" decoding=\"async\" width=\"960\" height=\"1024\" src=\"https:\/\/laperruque.co\/wp-content\/uploads\/2024\/09\/Ceinture-Casual-BD-a-960x1024.jpg\" alt=\"\" class=\"wp-image-29227\" srcset=\"https:\/\/laperruque.co\/wp-content\/uploads\/2024\/09\/Ceinture-Casual-BD-a-960x1024.jpg 960w, https:\/\/laperruque.co\/wp-content\/uploads\/2024\/09\/Ceinture-Casual-BD-a-281x300.jpg 281w, https:\/\/laperruque.co\/wp-content\/uploads\/2024\/09\/Ceinture-Casual-BD-a-768x819.jpg 768w, https:\/\/laperruque.co\/wp-content\/uploads\/2024\/09\/Ceinture-Casual-BD-a-1000x1067.jpg 1000w, https:\/\/laperruque.co\/wp-content\/uploads\/2024\/09\/Ceinture-Casual-BD-a.jpg 1200w\" sizes=\"auto, (max-width: 960px) 100vw, 960px\" \/><\/a><figcaption class=\"wp-element-caption\"><a href=\"https:\/\/laperruque.co\/en\/product\/burgundy-lizard-embossed-calf-leather-and-silver-buckle-formal-belt\/\">burgundy lizard embossed calf leather formal belt<\/a> &#8211; 160\u20ac<\/figcaption><\/figure>\n<\/div>\n<\/div>\n","protected":false},"excerpt":{"rendered":"<p>This season, we have created a series of objects in calf leather embossed with lizard grain.<br \/>\nThis leather comes from the dormant stock of a major fashion house, enabling us to re-use this beautiful material originally destined for destruction. Its texture brings relief and sophistication to our winter collection. <\/p>\n","protected":false},"author":1,"featured_media":29146,"comment_status":"open","ping_status":"closed","sticky":false,"template":"","format":"standard","meta":{"_acf_changed":false,"footnotes":""},"categories":[432],"tags":[],"class_list":["post-29189","post","type-post","status-publish","format-standard","has-post-thumbnail","hentry","category-news","fpd-variation-needed"],"acf":[],"_links":{"self":[{"href":"https:\/\/laperruque.co\/en\/wp-json\/wp\/v2\/posts\/29189","targetHints":{"allow":["GET"]}}],"collection":[{"href":"https:\/\/laperruque.co\/en\/wp-json\/wp\/v2\/posts"}],"about":[{"href":"https:\/\/laperruque.co\/en\/wp-json\/wp\/v2\/types\/post"}],"author":[{"embeddable":true,"href":"https:\/\/laperruque.co\/en\/wp-json\/wp\/v2\/users\/1"}],"replies":[{"embeddable":true,"href":"https:\/\/laperruque.co\/en\/wp-json\/wp\/v2\/comments?post=29189"}],"version-history":[{"count":4,"href":"https:\/\/laperruque.co\/en\/wp-json\/wp\/v2\/posts\/29189\/revisions"}],"predecessor-version":[{"id":29254,"href":"https:\/\/laperruque.co\/en\/wp-json\/wp\/v2\/posts\/29189\/revisions\/29254"}],"wp:featuredmedia":[{"embeddable":true,"href":"https:\/\/laperruque.co\/en\/wp-json\/wp\/v2\/media\/29146"}],"wp:attachment":[{"href":"https:\/\/laperruque.co\/en\/wp-json\/wp\/v2\/media?parent=29189"}],"wp:term":[{"taxonomy":"category","embeddable":true,"href":"https:\/\/laperruque.co\/en\/wp-json\/wp\/v2\/categories?post=29189"},{"taxonomy":"post_tag","embeddable":true,"href":"https:\/\/laperruque.co\/en\/wp-json\/wp\/v2\/tags?post=29189"}],"curies":[{"name":"wp","href":"https:\/\/api.w.org\/{rel}","templated":true}]}}